{"@context":"https:\/\/schema.org\/","@type":"CollectionPage","@id":"https:\/\/boegl-krysl.cz\/produkty\/#CollectionPage","headline":"Produkty Category","description":"","url":"https:\/\/boegl-krysl.cz\/produkty\/","hasPart":[{"@type":"Article","@id":"https:\/\/boegl-krysl.cz\/hlinikova-okna-a-dvere-pro-bydleni-u-reky\/","headline":"Hlin\u00edkov\u00e1 okna a dve\u0159e pro bydlen\u00ed u \u0159eky","url":"https:\/\/boegl-krysl.cz\/hlinikova-okna-a-dvere-pro-bydleni-u-reky\/","datePublished":"2026-07-06","dateModified":"2026-07-06","mainEntityOfPage":"https:\/\/boegl-krysl.cz\/hlinikova-okna-a-dvere-pro-bydleni-u-reky\/","author":{"@type":"Person","@id":"https:\/\/boegl-krysl.cz\/author\/#Person","name":"","url":"https:\/\/boegl-krysl.cz\/author\/","identifier":1,"image":{"@type":"ImageObject","@id":"https:\/\/secure.gravatar.com\/avatar\/2d2e3fdaba6370eba756fb4048c695326686ff29010a0df4d58b27c20544521d?s=96&d=mm&r=g","url":"https:\/\/secure.gravatar.com\/avatar\/2d2e3fdaba6370eba756fb4048c695326686ff29010a0df4d58b27c20544521d?s=96&d=mm&r=g","height":96,"width":96}},"publisher":{"@type":"Organization","name":"boegl-krysl.cz","logo":{"@type":"ImageObject","@id":"\/logo.png","url":"\/logo.png","width":600,"height":60}},"image":{"@type":"ImageObject","@id":"https:\/\/boegl-krysl.cz\/wp-content\/uploads\/pexels-athena-2371976_1.jpg","url":"https:\/\/boegl-krysl.cz\/wp-content\/uploads\/pexels-athena-2371976_1.jpg","height":0,"width":0},"keywords":null},{"@type":"Article","@id":"https:\/\/boegl-krysl.cz\/vzdy-cisto-v-celem-dome\/","headline":"V\u017edy \u010disto v cel\u00e9m dom\u011b","url":"https:\/\/boegl-krysl.cz\/vzdy-cisto-v-celem-dome\/","datePublished":"2026-06-17","dateModified":"2026-06-17","mainEntityOfPage":"https:\/\/boegl-krysl.cz\/vzdy-cisto-v-celem-dome\/","author":{"@type":"Person","@id":"https:\/\/boegl-krysl.cz\/author\/#Person","name":"","url":"https:\/\/boegl-krysl.cz\/author\/","identifier":1,"image":{"@type":"ImageObject","@id":"https:\/\/secure.gravatar.com\/avatar\/2d2e3fdaba6370eba756fb4048c695326686ff29010a0df4d58b27c20544521d?s=96&d=mm&r=g","url":"https:\/\/secure.gravatar.com\/avatar\/2d2e3fdaba6370eba756fb4048c695326686ff29010a0df4d58b27c20544521d?s=96&d=mm&r=g","height":96,"width":96}},"publisher":{"@type":"Organization","name":"boegl-krysl.cz","logo":{"@type":"ImageObject","@id":"\/logo.png","url":"\/logo.png","width":600,"height":60}},"image":{"@type":"ImageObject","@id":"https:\/\/boegl-krysl.cz\/wp-content\/uploads\/cleaning-bucket-1290940_640_1.jpg","url":"https:\/\/boegl-krysl.cz\/wp-content\/uploads\/cleaning-bucket-1290940_640_1.jpg","height":0,"width":0},"keywords":null},{"@type":"Article","@id":"https:\/\/boegl-krysl.cz\/nakup-kratomu\/","headline":"N\u00e1kup kratomu","url":"https:\/\/boegl-krysl.cz\/nakup-kratomu\/","datePublished":"2026-06-01","dateModified":"2026-06-01","mainEntityOfPage":"https:\/\/boegl-krysl.cz\/nakup-kratomu\/","author":{"@type":"Person","@id":"https:\/\/boegl-krysl.cz\/author\/#Person","name":"","url":"https:\/\/boegl-krysl.cz\/author\/","identifier":1,"image":{"@type":"ImageObject","@id":"https:\/\/secure.gravatar.com\/avatar\/2d2e3fdaba6370eba756fb4048c695326686ff29010a0df4d58b27c20544521d?s=96&d=mm&r=g","url":"https:\/\/secure.gravatar.com\/avatar\/2d2e3fdaba6370eba756fb4048c695326686ff29010a0df4d58b27c20544521d?s=96&d=mm&r=g","height":96,"width":96}},"publisher":{"@type":"Organization","name":"boegl-krysl.cz","logo":{"@type":"ImageObject","@id":"\/logo.png","url":"\/logo.png","width":600,"height":60}},"image":{"@type":"ImageObject","@id":"https:\/\/boegl-krysl.cz\/wp-content\/uploads\/wal_172619-leaf-8169383_640.jpg","url":"https:\/\/boegl-krysl.cz\/wp-content\/uploads\/wal_172619-leaf-8169383_640.jpg","height":0,"width":0},"keywords":null},{"@type":"Article","@id":"https:\/\/boegl-krysl.cz\/jak-byste-meli-optimalizovat-pro-google-discover\/","headline":"Jak byste m\u011bli optimalizovat pro Google Discover?","url":"https:\/\/boegl-krysl.cz\/jak-byste-meli-optimalizovat-pro-google-discover\/","datePublished":"2026-05-07","dateModified":"2026-05-07","mainEntityOfPage":"https:\/\/boegl-krysl.cz\/jak-byste-meli-optimalizovat-pro-google-discover\/","author":{"@type":"Person","@id":"https:\/\/boegl-krysl.cz\/author\/#Person","name":"","url":"https:\/\/boegl-krysl.cz\/author\/","identifier":1,"image":{"@type":"ImageObject","@id":"https:\/\/secure.gravatar.com\/avatar\/2d2e3fdaba6370eba756fb4048c695326686ff29010a0df4d58b27c20544521d?s=96&d=mm&r=g","url":"https:\/\/secure.gravatar.com\/avatar\/2d2e3fdaba6370eba756fb4048c695326686ff29010a0df4d58b27c20544521d?s=96&d=mm&r=g","height":96,"width":96}},"publisher":{"@type":"Organization","name":"boegl-krysl.cz","logo":{"@type":"ImageObject","@id":"\/logo.png","url":"\/logo.png","width":600,"height":60}},"image":{"@type":"ImageObject","@id":"https:\/\/boegl-krysl.cz\/wp-content\/uploads\/art336209_16x9_20260820_231025_GUK7AJ.jpg","url":"https:\/\/boegl-krysl.cz\/wp-content\/uploads\/art336209_16x9_20260820_231025_GUK7AJ.jpg","height":0,"width":0},"keywords":null},{"@type":"Article","@id":"https:\/\/boegl-krysl.cz\/zmena-ovlivni-atmosferu-celeho-domova\/","headline":"Zm\u011bna ovlivn\u00ed atmosf\u00e9ru cel\u00e9ho domova","url":"https:\/\/boegl-krysl.cz\/zmena-ovlivni-atmosferu-celeho-domova\/","datePublished":"2026-04-20","dateModified":"2026-04-20","mainEntityOfPage":"https:\/\/boegl-krysl.cz\/zmena-ovlivni-atmosferu-celeho-domova\/","author":{"@type":"Person","@id":"https:\/\/boegl-krysl.cz\/author\/#Person","name":"","url":"https:\/\/boegl-krysl.cz\/author\/","identifier":1,"image":{"@type":"ImageObject","@id":"https:\/\/secure.gravatar.com\/avatar\/2d2e3fdaba6370eba756fb4048c695326686ff29010a0df4d58b27c20544521d?s=96&d=mm&r=g","url":"https:\/\/secure.gravatar.com\/avatar\/2d2e3fdaba6370eba756fb4048c695326686ff29010a0df4d58b27c20544521d?s=96&d=mm&r=g","height":96,"width":96}},"publisher":{"@type":"Organization","name":"boegl-krysl.cz","logo":{"@type":"ImageObject","@id":"\/logo.png","url":"\/logo.png","width":600,"height":60}},"image":{"@type":"ImageObject","@id":"https:\/\/boegl-krysl.cz\/wp-content\/uploads\/leemelina08-home-1622401_1920.jpg","url":"https:\/\/boegl-krysl.cz\/wp-content\/uploads\/leemelina08-home-1622401_1920.jpg","height":0,"width":0},"keywords":null},{"@type":"Article","@id":"https:\/\/boegl-krysl.cz\/prakticka-sada-jehel-i-pro-osamele-muze\/","headline":"Praktick\u00e1 sada jehel i pro osam\u011bl\u00e9 mu\u017ee","url":"https:\/\/boegl-krysl.cz\/prakticka-sada-jehel-i-pro-osamele-muze\/","datePublished":"2026-04-15","dateModified":"2026-04-15","mainEntityOfPage":"https:\/\/boegl-krysl.cz\/prakticka-sada-jehel-i-pro-osamele-muze\/","author":{"@type":"Person","@id":"https:\/\/boegl-krysl.cz\/author\/#Person","name":"","url":"https:\/\/boegl-krysl.cz\/author\/","identifier":1,"image":{"@type":"ImageObject","@id":"https:\/\/secure.gravatar.com\/avatar\/2d2e3fdaba6370eba756fb4048c695326686ff29010a0df4d58b27c20544521d?s=96&d=mm&r=g","url":"https:\/\/secure.gravatar.com\/avatar\/2d2e3fdaba6370eba756fb4048c695326686ff29010a0df4d58b27c20544521d?s=96&d=mm&r=g","height":96,"width":96}},"publisher":{"@type":"Organization","name":"boegl-krysl.cz","logo":{"@type":"ImageObject","@id":"\/logo.png","url":"\/logo.png","width":600,"height":60}},"image":{"@type":"ImageObject","@id":"https:\/\/boegl-krysl.cz\/wp-content\/uploads\/miroslavik-threads-2221388_640.jpg","url":"https:\/\/boegl-krysl.cz\/wp-content\/uploads\/miroslavik-threads-2221388_640.jpg","height":0,"width":0},"keywords":null},{"@type":"Article","@id":"https:\/\/boegl-krysl.cz\/chladici-vlozka-pro-jednodenni-vylety-do-prirody\/","headline":"Chlad\u00edc\u00ed vlo\u017eka pro jednodenn\u00ed v\u00fdlety do p\u0159\u00edrody","url":"https:\/\/boegl-krysl.cz\/chladici-vlozka-pro-jednodenni-vylety-do-prirody\/","datePublished":"2026-04-06","dateModified":"2026-04-06","mainEntityOfPage":"https:\/\/boegl-krysl.cz\/chladici-vlozka-pro-jednodenni-vylety-do-prirody\/","author":{"@type":"Person","@id":"https:\/\/boegl-krysl.cz\/author\/#Person","name":"","url":"https:\/\/boegl-krysl.cz\/author\/","identifier":1,"image":{"@type":"ImageObject","@id":"https:\/\/secure.gravatar.com\/avatar\/2d2e3fdaba6370eba756fb4048c695326686ff29010a0df4d58b27c20544521d?s=96&d=mm&r=g","url":"https:\/\/secure.gravatar.com\/avatar\/2d2e3fdaba6370eba756fb4048c695326686ff29010a0df4d58b27c20544521d?s=96&d=mm&r=g","height":96,"width":96}},"publisher":{"@type":"Organization","name":"boegl-krysl.cz","logo":{"@type":"ImageObject","@id":"\/logo.png","url":"\/logo.png","width":600,"height":60}},"image":{"@type":"ImageObject","@id":"https:\/\/boegl-krysl.cz\/wp-content\/uploads\/dragon77-ice-6215207_640_1.jpg","url":"https:\/\/boegl-krysl.cz\/wp-content\/uploads\/dragon77-ice-6215207_640_1.jpg","height":0,"width":0},"keywords":null},{"@type":"Article","@id":"https:\/\/boegl-krysl.cz\/vestavena-skrin-pro-nadsene-vodaky\/","headline":"Vestav\u011bn\u00e1 sk\u0159\u00ed\u0148 pro nad\u0161en\u00e9 vod\u00e1ky","url":"https:\/\/boegl-krysl.cz\/vestavena-skrin-pro-nadsene-vodaky\/","datePublished":"2026-04-03","dateModified":"2026-04-03","mainEntityOfPage":"https:\/\/boegl-krysl.cz\/vestavena-skrin-pro-nadsene-vodaky\/","author":{"@type":"Person","@id":"https:\/\/boegl-krysl.cz\/author\/#Person","name":"","url":"https:\/\/boegl-krysl.cz\/author\/","identifier":1,"image":{"@type":"ImageObject","@id":"https:\/\/secure.gravatar.com\/avatar\/2d2e3fdaba6370eba756fb4048c695326686ff29010a0df4d58b27c20544521d?s=96&d=mm&r=g","url":"https:\/\/secure.gravatar.com\/avatar\/2d2e3fdaba6370eba756fb4048c695326686ff29010a0df4d58b27c20544521d?s=96&d=mm&r=g","height":96,"width":96}},"publisher":{"@type":"Organization","name":"boegl-krysl.cz","logo":{"@type":"ImageObject","@id":"\/logo.png","url":"\/logo.png","width":600,"height":60}},"image":{"@type":"ImageObject","@id":"https:\/\/boegl-krysl.cz\/wp-content\/uploads\/bed-1839184_640_10_10_10_10_10_10_10.jpg","url":"https:\/\/boegl-krysl.cz\/wp-content\/uploads\/bed-1839184_640_10_10_10_10_10_10_10.jpg","height":0,"width":0},"keywords":null},{"@type":"Article","@id":"https:\/\/boegl-krysl.cz\/kdyz-rekonstrukci-domu-zasahne-i-topeni\/","headline":"Kdy\u017e rekonstrukci domu zas\u00e1hne i topen\u00ed","url":"https:\/\/boegl-krysl.cz\/kdyz-rekonstrukci-domu-zasahne-i-topeni\/","datePublished":"2026-04-01","dateModified":"2026-04-01","mainEntityOfPage":"https:\/\/boegl-krysl.cz\/kdyz-rekonstrukci-domu-zasahne-i-topeni\/","author":{"@type":"Person","@id":"https:\/\/boegl-krysl.cz\/author\/#Person","name":"","url":"https:\/\/boegl-krysl.cz\/author\/","identifier":1,"image":{"@type":"ImageObject","@id":"https:\/\/secure.gravatar.com\/avatar\/2d2e3fdaba6370eba756fb4048c695326686ff29010a0df4d58b27c20544521d?s=96&d=mm&r=g","url":"https:\/\/secure.gravatar.com\/avatar\/2d2e3fdaba6370eba756fb4048c695326686ff29010a0df4d58b27c20544521d?s=96&d=mm&r=g","height":96,"width":96}},"publisher":{"@type":"Organization","name":"boegl-krysl.cz","logo":{"@type":"ImageObject","@id":"\/logo.png","url":"\/logo.png","width":600,"height":60}},"image":{"@type":"ImageObject","@id":"https:\/\/boegl-krysl.cz\/wp-content\/uploads\/heating-costs-4164538_640_10_10_1.jpg","url":"https:\/\/boegl-krysl.cz\/wp-content\/uploads\/heating-costs-4164538_640_10_10_1.jpg","height":0,"width":0},"keywords":null},{"@type":"Article","@id":"https:\/\/boegl-krysl.cz\/stehovani-s-rukou-v-sadre\/","headline":"St\u011bhov\u00e1n\u00ed s rukou v s\u00e1d\u0159e","url":"https:\/\/boegl-krysl.cz\/stehovani-s-rukou-v-sadre\/","datePublished":"2026-04-01","dateModified":"2026-04-01","mainEntityOfPage":"https:\/\/boegl-krysl.cz\/stehovani-s-rukou-v-sadre\/","author":{"@type":"Person","@id":"https:\/\/boegl-krysl.cz\/author\/#Person","name":"","url":"https:\/\/boegl-krysl.cz\/author\/","identifier":1,"image":{"@type":"ImageObject","@id":"https:\/\/secure.gravatar.com\/avatar\/2d2e3fdaba6370eba756fb4048c695326686ff29010a0df4d58b27c20544521d?s=96&d=mm&r=g","url":"https:\/\/secure.gravatar.com\/avatar\/2d2e3fdaba6370eba756fb4048c695326686ff29010a0df4d58b27c20544521d?s=96&d=mm&r=g","height":96,"width":96}},"publisher":{"@type":"Organization","name":"boegl-krysl.cz","logo":{"@type":"ImageObject","@id":"\/logo.png","url":"\/logo.png","width":600,"height":60}},"image":{"@type":"ImageObject","@id":"https:\/\/boegl-krysl.cz\/wp-content\/uploads\/poster-4122775_640_10_9.jpg","url":"https:\/\/boegl-krysl.cz\/wp-content\/uploads\/poster-4122775_640_10_9.jpg","height":0,"width":0},"keywords":null}]}